{"id":567,"date":"2018-06-15T00:22:24","date_gmt":"2018-06-14T21:22:24","guid":{"rendered":"http:\/\/ccenter.ro\/en\/?p=567"},"modified":"2019-02-27T11:01:55","modified_gmt":"2019-02-27T08:01:55","slug":"xiv-free-camp-nemzetkozi-kepzomuveszeti-alkotomuhely","status":"publish","type":"post","link":"http:\/\/ccenter.ro\/en\/xiv-free-camp-nemzetkozi-kepzomuveszeti-alkotomuhely\/","title":{"rendered":"XV. Hargitai Megyenapok FELH\u00cdV\u00c1S"},"content":{"rendered":"<p class=\"p3\">Hargita Megye Tan\u00e1csa, az alint\u00e9zm\u00e9nyei k\u00f6zrem\u0171k\u00f6d\u00e9s\u00e9vel, a helyi \u00f6nkorm\u00e1nyzatokkal \u00f6sszefogva, civilszervezetekkel k\u00f6z\u00f6sen 2019. m\u00e1jus 31.\u2013 j\u00fanius 10. k\u00f6z\u00f6tt szervezi meg a XV. Hargitai Megyenapokat. <!--more-->K\u00e9rj\u00fck, csatlakozzanak a rendezv\u00e9nyhez azokkal a programjaikkal, amelyek hozz\u00e1j\u00e1rulnak a Hargita megyei identit\u00e1s er\u0151s\u00f6d\u00e9s\u00e9hez, kiemelik Hargita megye \u00e9rt\u00e9keit. A XV. Hargitai Megyenapok a p\u00e1pal\u00e1togat\u00e1s \u00e9s a p\u00fcnk\u00f6sdi b\u00facs\u00fa k\u00f6r\u00e9 \u00e9p\u00fcl\u0151 kultur\u00e1lis \u00e9s identit\u00e1st er\u0151s\u00edt\u0151 programsorozat. A rendezv\u00e9ny idei mott\u00f3ja: J\u00e1rjunk egy\u00fctt!, amely a p\u00e1pal\u00e1togat\u00e1s mott\u00f3j\u00e1hoz igazodik.<br \/>\nV\u00e1rjuk jelentkez\u00e9s\u00fcket a <a href=\"mailto:hargitakultura@gmail.com\">hargitakultura@gmail.com<\/a> e-mail-c\u00edmen, illetve a 0266-372044 telefonsz\u00e1mon a Hargita Megyei Kultur\u00e1lis K\u00f6zpontn\u00e1l 2019. m\u00e1rcius 5-ig.<\/p>\n","protected":false},"excerpt":{"rendered":"<p>Hargita Megye Tan\u00e1csa, az alint\u00e9zm\u00e9nyei k\u00f6zrem\u0171k\u00f6d\u00e9s\u00e9vel, a helyi \u00f6nkorm\u00e1nyzatokkal \u00f6sszefogva, civilszervezetekkel k\u00f6z\u00f6sen 2019. m\u00e1jus 31.\u2013 j\u00fanius 10. k\u00f6z\u00f6tt szervezi meg a XV. Hargitai Megyenapokat.<\/p>\n","protected":false},"author":1,"featured_media":1009,"comment_status":"closed","ping_status":"closed","sticky":false,"template":"","format":"standard","meta":[],"categories":[6],"tags":[58,36,59],"_links":{"self":[{"href":"http:\/\/ccenter.ro\/en\/wp-json\/wp\/v2\/posts\/567"}],"collection":[{"href":"http:\/\/ccenter.ro\/en\/wp-json\/wp\/v2\/posts"}],"about":[{"href":"http:\/\/ccenter.ro\/en\/wp-json\/wp\/v2\/types\/post"}],"author":[{"embeddable":true,"href":"http:\/\/ccenter.ro\/en\/wp-json\/wp\/v2\/users\/1"}],"replies":[{"embeddable":true,"href":"http:\/\/ccenter.ro\/en\/wp-json\/wp\/v2\/comments?post=567"}],"version-history":[{"count":3,"href":"http:\/\/ccenter.ro\/en\/wp-json\/wp\/v2\/posts\/567\/revisions"}],"predecessor-version":[{"id":1010,"href":"http:\/\/ccenter.ro\/en\/wp-json\/wp\/v2\/posts\/567\/revisions\/1010"}],"wp:featuredmedia":[{"embeddable":true,"href":"http:\/\/ccenter.ro\/en\/wp-json\/wp\/v2\/media\/1009"}],"wp:attachment":[{"href":"http:\/\/ccenter.ro\/en\/wp-json\/wp\/v2\/media?parent=567"}],"wp:term":[{"taxonomy":"category","embeddable":true,"href":"http:\/\/ccenter.ro\/en\/wp-json\/wp\/v2\/categories?post=567"},{"taxonomy":"post_tag","embeddable":true,"href":"http:\/\/ccenter.ro\/en\/wp-json\/wp\/v2\/tags?post=567"}],"curies":[{"name":"wp","href":"https:\/\/api.w.org\/{rel}","templated":true}]}}